{"id":2192,"date":"2023-08-06T05:04:49","date_gmt":"2023-08-06T05:04:49","guid":{"rendered":"https:\/\/uvb.edu.mx\/tampico\/?p=2192"},"modified":"2025-03-27T01:36:30","modified_gmt":"2025-03-27T01:36:30","slug":"la-uvb-se-convierte-en-punto-rosa-para-la-atencion-orientacion-y-proteccion-de-mujeres-victimas-de-violencia-en-su-comunidad","status":"publish","type":"post","link":"https:\/\/uvb.edu.mx\/tampico\/la-uvb-se-convierte-en-punto-rosa-para-la-atencion-orientacion-y-proteccion-de-mujeres-victimas-de-violencia-en-su-comunidad\/","title":{"rendered":"La UVB se convierte en Punto Rosa para la atenci\u00f3n, orientaci\u00f3n y protecci\u00f3n de mujeres v\u00edctimas de violencia en su comunidad"},"content":{"rendered":"\n<style type=\"text\/css\" data-created_by=\"avia_inline_auto\" id=\"style-css-av-2eyu0w-7d03066337497a7c3df2a598601eee1f\">\n.flex_column.av-2eyu0w-7d03066337497a7c3df2a598601eee1f .avia-curtain-reveal-overlay{\nz-index:100;\n}\n<\/style>\n<div  class='flex_column av-2eyu0w-7d03066337497a7c3df2a598601eee1f av_one_full  avia-builder-el-0  avia-builder-el-no-sibling  first flex_column_div  '     ><div class='avia-curtain-reveal-overlay av-animated-when-visible-95 animate-all-devices curtain-reveal-ltr'><\/div><p>\n<style type=\"text\/css\" data-created_by=\"avia_inline_auto\" id=\"style-css-av-ll0ea3pd-c63ad44b69f17dedb62c96c5475e54ac\">\n#top .av-special-heading.av-ll0ea3pd-c63ad44b69f17dedb62c96c5475e54ac{\npadding-bottom:10px;\n}\nbody .av-special-heading.av-ll0ea3pd-c63ad44b69f17dedb62c96c5475e54ac .av-special-heading-tag .heading-char{\nfont-size:25px;\n}\n.av-special-heading.av-ll0ea3pd-c63ad44b69f17dedb62c96c5475e54ac .av-subheading{\nfont-size:15px;\n}\n\n@media only screen and (min-width: 990px){ \n#top #wrap_all .av-special-heading.av-ll0ea3pd-c63ad44b69f17dedb62c96c5475e54ac .av-special-heading-tag{\nfont-size:45px;\n}\n}\n\n@media only screen and (min-width: 768px) and (max-width: 989px){ \n#top #wrap_all .av-special-heading.av-ll0ea3pd-c63ad44b69f17dedb62c96c5475e54ac .av-special-heading-tag{\nfont-size:40px;\n}\n}\n\n@media only screen and (min-width: 480px) and (max-width: 767px){ \n#top #wrap_all .av-special-heading.av-ll0ea3pd-c63ad44b69f17dedb62c96c5475e54ac .av-special-heading-tag{\nfont-size:30px;\n}\n}\n\n@media only screen and (max-width: 479px){ \n#top #wrap_all .av-special-heading.av-ll0ea3pd-c63ad44b69f17dedb62c96c5475e54ac .av-special-heading-tag{\nfont-size:23px;\n}\n}\n<\/style>\n<div  class='av-special-heading av-ll0ea3pd-c63ad44b69f17dedb62c96c5475e54ac av-special-heading-h3 blockquote modern-quote modern-centered  avia-builder-el-1  el_before_av_image  avia-builder-el-first '><h3 class='av-special-heading-tag '  itemprop=\"headline\"  >UVB, primera Universidad en el Estado de Tamaulipas en convertirse en Punto Rosa para la atenci\u00f3n, orientaci\u00f3n y protecci\u00f3n de mujeres v\u00edctimas de violencia en su comunidad<\/h3><div class=\"special-heading-border\"><div class=\"special-heading-inner-border\"><\/div><\/div><\/div><br \/>\n\n<style type=\"text\/css\" data-created_by=\"avia_inline_auto\" id=\"style-css-av-ll0els8i-f93126630ca95b3f2f68d66c14a5d7f6\">\n.avia-image-container.av-ll0els8i-f93126630ca95b3f2f68d66c14a5d7f6 img.avia_image{\nbox-shadow:none;\n}\n.avia-image-container.av-ll0els8i-f93126630ca95b3f2f68d66c14a5d7f6 .av-image-caption-overlay-center{\ncolor:#ffffff;\n}\n<\/style>\n<div  class='avia-image-container av-ll0els8i-f93126630ca95b3f2f68d66c14a5d7f6 av-styling- avia-align-center  avia-builder-el-2  el_after_av_heading  el_before_av_textblock '   itemprop=\"image\" itemscope=\"itemscope\" itemtype=\"https:\/\/schema.org\/ImageObject\" ><div class=\"avia-image-container-inner\"><div class=\"avia-image-overlay-wrap\"><img decoding=\"async\" fetchpriority=\"high\" class='wp-image-2888 avia-img-lazy-loading-not-2888 avia_image ' src=\"https:\/\/uvb.edu.mx\/tampico\/wp-content\/uploads\/2023\/08\/gucBXam9tBQGoPmbZCKeXVEzoocW5L0VziAbQUW7-1030x687.jpg\" alt='' title='gucBXam9tBQGoPmbZCKeXVEzoocW5L0VziAbQUW7'  height=\"687\" width=\"1030\"  itemprop=\"thumbnailUrl\" srcset=\"https:\/\/uvb.edu.mx\/tampico\/wp-content\/uploads\/2023\/08\/gucBXam9tBQGoPmbZCKeXVEzoocW5L0VziAbQUW7-1030x687.jpg 1030w, https:\/\/uvb.edu.mx\/tampico\/wp-content\/uploads\/2023\/08\/gucBXam9tBQGoPmbZCKeXVEzoocW5L0VziAbQUW7-300x200.jpg 300w, https:\/\/uvb.edu.mx\/tampico\/wp-content\/uploads\/2023\/08\/gucBXam9tBQGoPmbZCKeXVEzoocW5L0VziAbQUW7-768x512.jpg 768w, https:\/\/uvb.edu.mx\/tampico\/wp-content\/uploads\/2023\/08\/gucBXam9tBQGoPmbZCKeXVEzoocW5L0VziAbQUW7-1536x1024.jpg 1536w, https:\/\/uvb.edu.mx\/tampico\/wp-content\/uploads\/2023\/08\/gucBXam9tBQGoPmbZCKeXVEzoocW5L0VziAbQUW7-2048x1365.jpg 2048w, https:\/\/uvb.edu.mx\/tampico\/wp-content\/uploads\/2023\/08\/gucBXam9tBQGoPmbZCKeXVEzoocW5L0VziAbQUW7-1500x1000.jpg 1500w, https:\/\/uvb.edu.mx\/tampico\/wp-content\/uploads\/2023\/08\/gucBXam9tBQGoPmbZCKeXVEzoocW5L0VziAbQUW7-705x470.jpg 705w\" sizes=\"(max-width: 1030px) 100vw, 1030px\" \/><\/div><\/div><\/div><br \/>\n<section  class='av_textblock_section av-ll0ebr8a-80b1a733b48c2ccaec23b48226dc9153 '   itemscope=\"itemscope\" itemtype=\"https:\/\/schema.org\/BlogPosting\" itemprop=\"blogPost\" ><div class='avia_textblock'  itemprop=\"text\" ><p>Este lunes 26 de junio, se realiz\u00f3 la firma de convenio entre la <strong>Universidad Valle del Bravo y el Instituto de las Mujeres en Tamaulipas<\/strong>, a trav\u00e9s del cual se estipula la instauraci\u00f3n de un Punto Rosa en la UVB como parte del Programa Gubernamental de este Instituto para la atenci\u00f3n a v\u00edctimas de violencia de la comunidad universitaria y sus familias<\/p>\n<p>Para enmarcar el evento estuvieron presentes la Directora General del Instituto de las Mujeres en Tamaulipas Mtra. Dianaluz Guti\u00e9rrez Gonz\u00e1lez; La Lic. Ana Laura G\u00f3mez Dom\u00ednguez, Jefa de la Subdirecci\u00f3n Operativa C5i; las Primeras Damas de Tampico y Altamira respectivamente: Sra. Aida Feres De Nader y Sra. Rosa Irma Luque De Martinez; los Jueces: Magistrado Andr\u00e9s Gonz\u00e1lez Galv\u00e1n y la Juez Dra. Lissete L\u00f3pez Mayett; Dr. Wilberto S\u00e1nchez M\u00e1rquez, enlace de la Secretaria General de La UAT Zona Sur; Lic. Laura Doreli L\u00f3pez Ram\u00edrez, Consejera Asesora De La Universidad Valle de Bravo Campus Tampico.<\/p>\n<p>La Mtra. Dianaluz Guti\u00e9rrez resalt\u00f3 la visi\u00f3n de los Directivos de la Universidad Valle De Bravo al convertirse en la primera universidad en el Estado de Tamaulipas en ser Punto Rosa y resalt\u00f3 el funcionamiento de \u00e9ste.<\/p>\n<p>Invit\u00f3 a los presentes a sumarse a la lucha contra la desigualdad y violencia que sufren muchas mujeres y a hacer uso de sus recursos para empoderar y proteger a otras mujeres en situaci\u00f3n de vulnerabilidad en beneficio de una mejor sociedad.<\/p>\n<p>Simult\u00e1neamente se realiz\u00f3 la inauguraci\u00f3n de el <strong>Bufete Jur\u00eddico de la Universidad Valle Del Bravo<\/strong>, que ser\u00e1 atendido por alumnos de la licenciatura en Derecho de esta Instituci\u00f3n, quienes ser\u00e1n a su vez asesorados por sus docentes. La finalidad de este recinto ser\u00e1 atender a las personas que requieran una asesor\u00eda en materia familiar (divorcios, pensiones alimenticias, etc.) mediante la orientaci\u00f3n y canalizaci\u00f3n a la autoridad correspondiente para su atenci\u00f3n y seguimiento.<\/p>\n<p>El Bufete Jur\u00eddico De La Universidad Valle Del Bravo estar\u00e1 abierto al p\u00fablico en general para brindar asesor\u00edas gratuitas en horario de lunes a viernes de 11:00 a 16:00 horas y estar\u00e1 ubicado en las instalaciones de su Campus Tampico.<\/p>\n<\/div><\/section><br \/>\n<\/p><\/div>\n","protected":false},"excerpt":{"rendered":"","protected":false},"author":1,"featured_media":2888,"comment_status":"open","ping_status":"open","sticky":false,"template":"","format":"standard","meta":{"footnotes":""},"categories":[2],"tags":[],"class_list":["post-2192","post","type-post","status-publish","format-standard","has-post-thumbnail","hentry","category-noticias-y-eventos"],"_links":{"self":[{"href":"https:\/\/uvb.edu.mx\/tampico\/wp-json\/wp\/v2\/posts\/2192","targetHints":{"allow":["GET"]}}],"collection":[{"href":"https:\/\/uvb.edu.mx\/tampico\/wp-json\/wp\/v2\/posts"}],"about":[{"href":"https:\/\/uvb.edu.mx\/tampico\/wp-json\/wp\/v2\/types\/post"}],"author":[{"embeddable":true,"href":"https:\/\/uvb.edu.mx\/tampico\/wp-json\/wp\/v2\/users\/1"}],"replies":[{"embeddable":true,"href":"https:\/\/uvb.edu.mx\/tampico\/wp-json\/wp\/v2\/comments?post=2192"}],"version-history":[{"count":2,"href":"https:\/\/uvb.edu.mx\/tampico\/wp-json\/wp\/v2\/posts\/2192\/revisions"}],"predecessor-version":[{"id":2896,"href":"https:\/\/uvb.edu.mx\/tampico\/wp-json\/wp\/v2\/posts\/2192\/revisions\/2896"}],"wp:featuredmedia":[{"embeddable":true,"href":"https:\/\/uvb.edu.mx\/tampico\/wp-json\/wp\/v2\/media\/2888"}],"wp:attachment":[{"href":"https:\/\/uvb.edu.mx\/tampico\/wp-json\/wp\/v2\/media?parent=2192"}],"wp:term":[{"taxonomy":"category","embeddable":true,"href":"https:\/\/uvb.edu.mx\/tampico\/wp-json\/wp\/v2\/categories?post=2192"},{"taxonomy":"post_tag","embeddable":true,"href":"https:\/\/uvb.edu.mx\/tampico\/wp-json\/wp\/v2\/tags?post=2192"}],"curies":[{"name":"wp","href":"https:\/\/api.w.org\/{rel}","templated":true}]}}